{"id":8358,"date":"2024-09-02T14:40:05","date_gmt":"2024-09-02T12:40:05","guid":{"rendered":"https:\/\/culoz-beon.fr\/?p=8358"},"modified":"2024-09-02T14:40:06","modified_gmt":"2024-09-02T12:40:06","slug":"dechetteries-de-bugey-sud-fin-des-horaires-dete","status":"publish","type":"post","link":"https:\/\/culoz-beon.fr\/?p=8358","title":{"rendered":"D\u00e9chetteries de Bugey-Sud : fin des horaires d&rsquo;\u00e9t\u00e9"},"content":{"rendered":"\n<p>Nous vous informons que les d\u00e9chetteries du territoire (Belley, Culoz-B\u00e9on et Virieu-le-Grand)&nbsp;ne sont plus soumises aux horaires d\u2019\u00e9t\u00e9 \u00e0 compter de ce jour.<\/p>\n\n\n\n<p><strong>Vous trouverez les horaires en pi\u00e8ce jointe.<\/strong><\/p>\n\n\n\n<p>Pour aller \u00e0 la d\u00e9chetterie, il est n\u00e9cessaire d\u2019\u00eatre inscrit pr\u00e9alablement.<\/p>\n\n\n\n<p>Plus d&rsquo;informations sur&nbsp;<a href=\"http:\/\/www.ccbugeysud.com\/\">www.ccbugeysud.com<\/a><\/p>\n\n\n\n<figure class=\"wp-block-image size-full\"><img loading=\"lazy\" decoding=\"async\" width=\"650\" height=\"812\" src=\"https:\/\/culoz-beon.fr\/wp-content\/uploads\/2024\/09\/v2-affiche-horaires-dechet.jpg\" alt=\"\" class=\"wp-image-8359\" srcset=\"https:\/\/culoz-beon.fr\/wp-content\/uploads\/2024\/09\/v2-affiche-horaires-dechet.jpg 650w, https:\/\/culoz-beon.fr\/wp-content\/uploads\/2024\/09\/v2-affiche-horaires-dechet-240x300.jpg 240w, https:\/\/culoz-beon.fr\/wp-content\/uploads\/2024\/09\/v2-affiche-horaires-dechet-19x24.jpg 19w, https:\/\/culoz-beon.fr\/wp-content\/uploads\/2024\/09\/v2-affiche-horaires-dechet-29x36.jpg 29w, https:\/\/culoz-beon.fr\/wp-content\/uploads\/2024\/09\/v2-affiche-horaires-dechet-38x48.jpg 38w\" sizes=\"(max-width: 650px) 100vw, 650px\" \/><\/figure>\n","protected":false},"excerpt":{"rendered":"<p>Nous vous informons que les d\u00e9chetteries du territoire (Belley, Culoz-B\u00e9on et Virieu-le-Grand)&nbsp;ne sont plus soumises aux horaires d\u2019\u00e9t\u00e9 \u00e0 compter de ce jour. Vous trouverez les horaires en pi\u00e8ce jointe. Pour aller \u00e0 la d\u00e9chetterie, il est n\u00e9cessaire d\u2019\u00eatre inscrit pr\u00e9alablement. Plus d&rsquo;informations sur&nbsp;www.ccbugeysud.com<\/p>\n","protected":false},"author":3,"featured_media":8359,"comment_status":"closed","ping_status":"closed","sticky":false,"template":"","format":"standard","meta":{"advgb_blocks_editor_width":"","advgb_blocks_columns_visual_guide":"","footnotes":""},"categories":[1],"tags":[],"author_meta":{"display_name":"Sophie Rubin-Delanchy","author_link":"https:\/\/culoz-beon.fr\/?author=3"},"featured_img":"https:\/\/culoz-beon.fr\/wp-content\/uploads\/2024\/09\/v2-affiche-horaires-dechet-240x300.jpg","coauthors":[],"tax_additional":{"categories":{"linked":["<a href=\"https:\/\/culoz-beon.fr\/?cat=1\" class=\"advgb-post-tax-term\">Non class\u00e9<\/a>"],"unlinked":["<span class=\"advgb-post-tax-term\">Non class\u00e9<\/span>"]}},"comment_count":"0","relative_dates":{"created":"Publi\u00e9 2 ans il y a","modified":"Mis \u00e0 jour 2 ans il y a"},"absolute_dates":{"created":"Publi\u00e9 le 2 septembre 2024","modified":"Mise \u00e0 jour le 2 septembre 2024"},"absolute_dates_time":{"created":"Publi\u00e9 le 2 septembre 2024 14 h 40 min","modified":"Mise \u00e0 jour le 2 septembre 2024 14 h 40 min"},"featured_img_caption":"","series_order":"","_links":{"self":[{"href":"https:\/\/culoz-beon.fr\/index.php?rest_route=\/wp\/v2\/posts\/8358"}],"collection":[{"href":"https:\/\/culoz-beon.fr\/index.php?rest_route=\/wp\/v2\/posts"}],"about":[{"href":"https:\/\/culoz-beon.fr\/index.php?rest_route=\/wp\/v2\/types\/post"}],"author":[{"embeddable":true,"href":"https:\/\/culoz-beon.fr\/index.php?rest_route=\/wp\/v2\/users\/3"}],"replies":[{"embeddable":true,"href":"https:\/\/culoz-beon.fr\/index.php?rest_route=%2Fwp%2Fv2%2Fcomments&post=8358"}],"version-history":[{"count":1,"href":"https:\/\/culoz-beon.fr\/index.php?rest_route=\/wp\/v2\/posts\/8358\/revisions"}],"predecessor-version":[{"id":8360,"href":"https:\/\/culoz-beon.fr\/index.php?rest_route=\/wp\/v2\/posts\/8358\/revisions\/8360"}],"wp:featuredmedia":[{"embeddable":true,"href":"https:\/\/culoz-beon.fr\/index.php?rest_route=\/wp\/v2\/media\/8359"}],"wp:attachment":[{"href":"https:\/\/culoz-beon.fr\/index.php?rest_route=%2Fwp%2Fv2%2Fmedia&parent=8358"}],"wp:term":[{"taxonomy":"category","embeddable":true,"href":"https:\/\/culoz-beon.fr\/index.php?rest_route=%2Fwp%2Fv2%2Fcategories&post=8358"},{"taxonomy":"post_tag","embeddable":true,"href":"https:\/\/culoz-beon.fr\/index.php?rest_route=%2Fwp%2Fv2%2Ftags&post=8358"}],"curies":[{"name":"wp","href":"https:\/\/api.w.org\/{rel}","templated":true}]}}