{"id":10328,"date":"2026-09-01T13:14:04","date_gmt":"2026-09-01T11:14:04","guid":{"rendered":"https:\/\/culoz-beon.fr\/?p=10328"},"modified":"2026-09-01T13:14:04","modified_gmt":"2026-09-01T11:14:04","slug":"marche-solidaire","status":"publish","type":"post","link":"https:\/\/culoz-beon.fr\/?p=10328","title":{"rendered":"MARCHE SOLIDAIRE"},"content":{"rendered":"\n<p>Le SAMEDI 3 OCTOBRE 2026, l\u2019US Culoz et Les Amazygh\u2019elles du Bugey organisent une MARCHE SOLIDAIRE contre le cancer du sein \u00e0 Culoz, au profit de l\u2019association Lyonnes de Tatoo\u00efne qui vient en aide aux femmes atteintes de cancer.<br><br>Nous comptons sur votre pr\u00e9sence en grand nombre pour soutenir cette belle cause ! \ud83d\udd25<br><br>\ud83d\uddd3\ufe0f SAMEDI 3 OCTOBRE 2026<br>\ud83d\udccd Stade municipal de Culoz<br>\u23f0 Accueil \u00e0 18h<br>\ud83d\udeb6\ud83c\udffb D\u00e9part de la marche \u00e0 18h30<br><br>\ud83d\udcb0 LES TARIFS<br>* Marche : 5 \u20ac<br>* Repas : 12 \u20ac<br>* Marche + repas : 17 \u20ac<br>* T-shirt de la marche : 20 \u20ac<br><br>\u260e\ufe0f INSCRIPTIONS ET R\u00c9SERVATIONS :<br>\ud83d\udc49\ud83c\udffc <a href=\"https:\/\/us-culoz.assoconnect.com\/collect\/description\/742125-c-marche\">https:\/\/us-culoz.assoconnect.com\/collect\/description\/742125-c-marche<\/a><br>\ud83d\udc49\ud83c\udffc Plusieurs formules disponibles<br>\ud83d\udc49\ud83c\udffc Stock limit\u00e9 pour les T-shirts, pensez \u00e0 les r\u00e9server \u00e0 l\u2019avance<br><br>\u26a0\ufe0f Il est possible de r\u00e9server en ligne jusqu&rsquo;au mercredi 30 septembre \u00e0 23h.<br>\u26a0\ufe0f Vous pouvez \u00e9galement flasher le QR Code pour acc\u00e9der \u00e0 la r\u00e9servation.<br><br><\/p>\n\n\n\n<figure class=\"wp-block-image size-full\"><img loading=\"lazy\" decoding=\"async\" width=\"650\" height=\"919\" src=\"https:\/\/culoz-beon.fr\/wp-content\/uploads\/2026\/09\/affiche-3-OCTOBRE.jpg\" alt=\"\" class=\"wp-image-10329\" srcset=\"https:\/\/culoz-beon.fr\/wp-content\/uploads\/2026\/09\/affiche-3-OCTOBRE.jpg 650w, https:\/\/culoz-beon.fr\/wp-content\/uploads\/2026\/09\/affiche-3-OCTOBRE-212x300.jpg 212w, https:\/\/culoz-beon.fr\/wp-content\/uploads\/2026\/09\/affiche-3-OCTOBRE-17x24.jpg 17w, https:\/\/culoz-beon.fr\/wp-content\/uploads\/2026\/09\/affiche-3-OCTOBRE-25x36.jpg 25w, https:\/\/culoz-beon.fr\/wp-content\/uploads\/2026\/09\/affiche-3-OCTOBRE-34x48.jpg 34w\" sizes=\"(max-width: 650px) 100vw, 650px\" \/><\/figure>\n","protected":false},"excerpt":{"rendered":"<p>Le SAMEDI 3 OCTOBRE 2026, l\u2019US Culoz et Les Amazygh\u2019elles du Bugey organisent une MARCHE SOLIDAIRE contre le cancer du sein \u00e0 Culoz, au profit de l\u2019association Lyonnes de Tatoo\u00efne qui vient en aide aux femmes atteintes de cancer. Nous comptons sur votre pr\u00e9sence en grand nombre pour soutenir cette belle cause ! \ud83d\udd25 \ud83d\uddd3\ufe0f [&hellip;]<\/p>\n","protected":false},"author":3,"featured_media":10329,"comment_status":"closed","ping_status":"closed","sticky":false,"template":"","format":"standard","meta":{"advgb_blocks_editor_width":"","advgb_blocks_columns_visual_guide":"","footnotes":""},"categories":[1],"tags":[],"author_meta":{"display_name":"Sophie Rubin-Delanchy","author_link":"https:\/\/culoz-beon.fr\/?author=3"},"featured_img":"https:\/\/culoz-beon.fr\/wp-content\/uploads\/2026\/09\/affiche-3-OCTOBRE-212x300.jpg","coauthors":[],"tax_additional":{"categories":{"linked":["<a href=\"https:\/\/culoz-beon.fr\/?cat=1\" class=\"advgb-post-tax-term\">Non class\u00e9<\/a>"],"unlinked":["<span class=\"advgb-post-tax-term\">Non class\u00e9<\/span>"]}},"comment_count":"0","relative_dates":{"created":"Publi\u00e9 18 heures il y a","modified":"Mis \u00e0 jour 18 heures il y a"},"absolute_dates":{"created":"Publi\u00e9 le 1 septembre 2026","modified":"Mise \u00e0 jour le 1 septembre 2026"},"absolute_dates_time":{"created":"Publi\u00e9 le 1 septembre 2026 13 h 14 min","modified":"Mise \u00e0 jour le 1 septembre 2026 13 h 14 min"},"featured_img_caption":"","series_order":"","_links":{"self":[{"href":"https:\/\/culoz-beon.fr\/index.php?rest_route=\/wp\/v2\/posts\/10328"}],"collection":[{"href":"https:\/\/culoz-beon.fr\/index.php?rest_route=\/wp\/v2\/posts"}],"about":[{"href":"https:\/\/culoz-beon.fr\/index.php?rest_route=\/wp\/v2\/types\/post"}],"author":[{"embeddable":true,"href":"https:\/\/culoz-beon.fr\/index.php?rest_route=\/wp\/v2\/users\/3"}],"replies":[{"embeddable":true,"href":"https:\/\/culoz-beon.fr\/index.php?rest_route=%2Fwp%2Fv2%2Fcomments&post=10328"}],"version-history":[{"count":1,"href":"https:\/\/culoz-beon.fr\/index.php?rest_route=\/wp\/v2\/posts\/10328\/revisions"}],"predecessor-version":[{"id":10330,"href":"https:\/\/culoz-beon.fr\/index.php?rest_route=\/wp\/v2\/posts\/10328\/revisions\/10330"}],"wp:featuredmedia":[{"embeddable":true,"href":"https:\/\/culoz-beon.fr\/index.php?rest_route=\/wp\/v2\/media\/10329"}],"wp:attachment":[{"href":"https:\/\/culoz-beon.fr\/index.php?rest_route=%2Fwp%2Fv2%2Fmedia&parent=10328"}],"wp:term":[{"taxonomy":"category","embeddable":true,"href":"https:\/\/culoz-beon.fr\/index.php?rest_route=%2Fwp%2Fv2%2Fcategories&post=10328"},{"taxonomy":"post_tag","embeddable":true,"href":"https:\/\/culoz-beon.fr\/index.php?rest_route=%2Fwp%2Fv2%2Ftags&post=10328"}],"curies":[{"name":"wp","href":"https:\/\/api.w.org\/{rel}","templated":true}]}}